{"id":2598,"date":"2010-08-19T21:36:19","date_gmt":"2010-08-19T21:36:19","guid":{"rendered":"http:\/\/pourquoi-pas.info\/?p=2598"},"modified":"2010-08-19T21:36:19","modified_gmt":"2010-08-19T21:36:19","slug":"sortir-des-arbres","status":"publish","type":"post","link":"https:\/\/pourquoi-pas.info\/101010\/?p=2598","title":{"rendered":"Sortir des arbres"},"content":{"rendered":"<p>S&#8217;en est fini du chemin en lacet ; en passe d\u00e9sormais sur un mode \u00ab tout droit vers en haut \u00bb. \u00c7a monte quand m\u00eame pas mal raide, mais en y allant lentement, c&#8217;est super agr\u00e9able, d&#8217;autant plus qu&#8217;il y a pas mal d&#8217;arbres pour s&#8217;aider. J&#8217;ai le droit de temps en temps \u00e0 quelques beaux panoramas, mais rien de semblable \u00e0 la veille.<\/p>\n<p style=\"font: 12.0px Helvetica\">\u00c0 force de grimper, la terre devient pierraille et les arbres disparaissent tranquillement. Il en reste encore quelques uns quand je me d\u00e9cide de m&#8217;arr\u00eater pour attendre tout le monde. Le vent commence \u00e0 se lever. Hier, je n&#8217;ai pas vraiment eut de probl\u00e8me, avec simplement un t-shirt l\u00e9ger. Ce matin, il faisait encore plus chaud, donc je ne me suis pas pos\u00e9 plus de questions pour les v\u00eatements. Mais avec le vent qui se l\u00e8ve, je pourrais peut \u00eatre finir par regretter de ne pas avoir un petit coupe vent l\u00e9ger. Je mange ma salade sur le m\u00eame mod\u00e8le que la veille. J&#8217;ai d\u00e9j\u00e0 mang\u00e9 deux barres de c\u00e9r\u00e9ales, et quitte \u00e0 attendre, autant s&#8217;occuper. Louise me rejoint une dizaine de minutes plus tard. On attend encore autant de temps, avant qu&#8217;elle se d\u00e9cide \u00e0 appeler Liz. Oui, les cellulaires captent parfaitement, aussi bien sur le Mont Cascade (m\u00eame au sommet) que sur le Mont Rundle. Liz r\u00e9pond qu&#8217;elle est fatigu\u00e9e et manque de motivation. Elle n&#8217;est pas s\u00fbre de tout faire ; on est mieux de ne pas l&#8217;attendre.<\/p>\n<p style=\"font: 12.0px Helvetica; min-height: 14.0px\"><\/p>\n<p style=\"font: 12.0px Helvetica\">Je reprends donc l&#8217;ascension. En montagne, c&#8217;est toujours la m\u00eame chose : je trouve beaucoup plus agr\u00e9able de ne pas m&#8217;arr\u00eater. Surtout que c&#8217;est la partie difficile qui s&#8217;annonce. On monte dans les pierres, et \u00e7a monte raide. Pas de gros \u00e9boulis, juste des petits cailloux.<\/p>\n<p style=\"font: 12.0px Helvetica\"><\/p>\n<p style=\"font: 12.0px Helvetica\"><\/p>\n","protected":false},"excerpt":{"rendered":"<p>Et monter sur les petits cailloux<\/p>\n","protected":false},"author":1,"featured_media":0,"comment_status":"open","ping_status":"closed","sticky":false,"template":"","format":"standard","meta":{"footnotes":""},"categories":[3,16],"tags":[],"class_list":["post-2598","post","type-post","status-publish","format-standard","hentry","category-carnet-de-route","category-rocheuses-canadiennes"],"_links":{"self":[{"href":"https:\/\/pourquoi-pas.info\/101010\/index.php?rest_route=\/wp\/v2\/posts\/2598","targetHints":{"allow":["GET"]}}],"collection":[{"href":"https:\/\/pourquoi-pas.info\/101010\/index.php?rest_route=\/wp\/v2\/posts"}],"about":[{"href":"https:\/\/pourquoi-pas.info\/101010\/index.php?rest_route=\/wp\/v2\/types\/post"}],"author":[{"embeddable":true,"href":"https:\/\/pourquoi-pas.info\/101010\/index.php?rest_route=\/wp\/v2\/users\/1"}],"replies":[{"embeddable":true,"href":"https:\/\/pourquoi-pas.info\/101010\/index.php?rest_route=%2Fwp%2Fv2%2Fcomments&post=2598"}],"version-history":[{"count":0,"href":"https:\/\/pourquoi-pas.info\/101010\/index.php?rest_route=\/wp\/v2\/posts\/2598\/revisions"}],"wp:attachment":[{"href":"https:\/\/pourquoi-pas.info\/101010\/index.php?rest_route=%2Fwp%2Fv2%2Fmedia&parent=2598"}],"wp:term":[{"taxonomy":"category","embeddable":true,"href":"https:\/\/pourquoi-pas.info\/101010\/index.php?rest_route=%2Fwp%2Fv2%2Fcategories&post=2598"},{"taxonomy":"post_tag","embeddable":true,"href":"https:\/\/pourquoi-pas.info\/101010\/index.php?rest_route=%2Fwp%2Fv2%2Ftags&post=2598"}],"curies":[{"name":"wp","href":"https:\/\/api.w.org\/{rel}","templated":true}]}}