{"id":2636,"date":"2010-08-19T21:45:57","date_gmt":"2010-08-19T21:45:57","guid":{"rendered":"http:\/\/pourquoi-pas.info\/?p=2636"},"modified":"2010-08-19T21:45:57","modified_gmt":"2010-08-19T21:45:57","slug":"le-plaisir-de-descendre","status":"publish","type":"post","link":"https:\/\/pourquoi-pas.info\/101010\/?p=2636","title":{"rendered":"Le plaisir de descendre"},"content":{"rendered":"<p>Louise arrive finalement. \u00c7a fait une bonne demi heure que je l&#8217;attendais. On fait quelques photos ensemble, puis j&#8217;attaque la descente. Un brin trop rapidement, parce que j&#8217;ai vraiment froid. Le probl\u00e8me de la descente en ramasse, c&#8217;est que de temps en temps les pierres commencent \u00e0 glisser en dessus de nous \u00e9galement. Tant qu&#8217;elles ne glissent qu&#8217;en dessous, ce n&#8217;est pas trop un probl\u00e8me. Quand le mouvement commence \u00e0 partir d&#8217;en dessus, c&#8217;est qu&#8217;il prend de l&#8217;ampleur, et qu&#8217;il pourrait d\u00e9cider de continuer sans demander notre avis. La perspective de cr\u00e9er un \u00e9boulis, surtout en sachant que d&#8217;autres gens montent encore, ne me r\u00e9jouie pas trop. J&#8217;arrive finalement \u00e0 me calmer, et \u00e0 me raisonner. Le froid n&#8217;est pas si grave que \u00e7a apr\u00e8s tout !<\/p>\n<p style=\"font: 12.0px Helvetica\">\u00c0 partir du moment o\u00f9 je reprends le contr\u00f4le, tout se passe super bien. En fait, j&#8217;ai m\u00eame un plaisir compl\u00e8tement fou \u00e0 descendre aussi rapidement. Un peu g\u00ean\u00e9 la veille, aujourd&#8217;hui je me laisse aller. Je repense \u00e0 Liz qui rigolait en disant que c&#8217;\u00e9tait la partie la plus fun qui commen\u00e7ait. Je partage son opinion. En fait, j&#8217;en redemande m\u00eame quand j&#8217;arrive sur le dos du dragon. Mais ici, pas question de faire de la ramasse. Je ralentis un peu, admire \u00e0 nouveau le paysage. Le vent est tomb\u00e9, la temp\u00e9rature a remont\u00e9, la vie est belle !<\/p>\n<p style=\"font: 12.0px Helvetica; min-height: 14.0px\"><\/p>\n<p style=\"font: 12.0px Helvetica\">Dragon&#8217;s Back travers\u00e9 pour la deuxi\u00e8me fois, je me retrouve \u00e0 nouveau \u00e0 faire un peu de ramasse. Je d\u00e9couvre, en m&#8217;arr\u00eatant au m\u00eame endroit qu&#8217;\u00e0 l&#8217;aller pour attendre Louise, que j&#8217;ai descendu en 45 minutes ce que j&#8217;ai mis plus de 3h \u00e0 monter. Sauf que l\u00e0, il n&#8217;y a plus de cailloux, juste une pente raide que j&#8217;anticipe comme \u00e9tant d\u00e9sagr\u00e9able.<\/p>\n<p style=\"font: 12.0px Helvetica; min-height: 14.0px\"><\/p>\n<p style=\"font: 12.0px Helvetica\">Je d\u00e9couvre avec joie que je me suis tromp\u00e9. Cette autre partie se descend aussi confortablement que je l&#8217;ai mont\u00e9e. Louise m&#8217;a rattrap\u00e9, et commente ma fa\u00e7on de descendre. Faut dire que je me sens tellement bien, que je suis tellement heureux, que j&#8217;ai l&#8217;impression de danser avec la pente : je d\u00e9couvre le plaisir de descendre en marche arri\u00e8re, pour se reposer les muscles. J&#8217;alterne marche d&#8217;un c\u00f4t\u00e9, de l&#8217;autre, \u00e0 reculons, en avant, petite course, danse avec les arbres. Je me sens parfaitement dans mon \u00e9l\u00e9ment, et \u00e0 ma grande surprise, la descente est tout sauf fatigante.<\/p>\n<p style=\"font: 12.0px Helvetica; min-height: 14.0px\"><\/p>\n<p style=\"font: 12.0px Helvetica\">J&#8217;arriverais au Pourquoi Pas ? dans un \u00e9tat qui me surprend moi m\u00eame. Avoir plein d&#8217;\u00e9nergie apr\u00e8s une randonn\u00e9e de 8h et un d\u00e9nivel\u00e9 de 900 m\u00e8tres, \u00e7a n&#8217;est pas vraiment dans mes habitudes !<\/p>\n","protected":false},"excerpt":{"rendered":"<p>C&#8217;est rare !<\/p>\n","protected":false},"author":1,"featured_media":0,"comment_status":"open","ping_status":"closed","sticky":false,"template":"","format":"standard","meta":{"footnotes":""},"categories":[3,16],"tags":[],"class_list":["post-2636","post","type-post","status-publish","format-standard","hentry","category-carnet-de-route","category-rocheuses-canadiennes"],"_links":{"self":[{"href":"https:\/\/pourquoi-pas.info\/101010\/index.php?rest_route=\/wp\/v2\/posts\/2636","targetHints":{"allow":["GET"]}}],"collection":[{"href":"https:\/\/pourquoi-pas.info\/101010\/index.php?rest_route=\/wp\/v2\/posts"}],"about":[{"href":"https:\/\/pourquoi-pas.info\/101010\/index.php?rest_route=\/wp\/v2\/types\/post"}],"author":[{"embeddable":true,"href":"https:\/\/pourquoi-pas.info\/101010\/index.php?rest_route=\/wp\/v2\/users\/1"}],"replies":[{"embeddable":true,"href":"https:\/\/pourquoi-pas.info\/101010\/index.php?rest_route=%2Fwp%2Fv2%2Fcomments&post=2636"}],"version-history":[{"count":0,"href":"https:\/\/pourquoi-pas.info\/101010\/index.php?rest_route=\/wp\/v2\/posts\/2636\/revisions"}],"wp:attachment":[{"href":"https:\/\/pourquoi-pas.info\/101010\/index.php?rest_route=%2Fwp%2Fv2%2Fmedia&parent=2636"}],"wp:term":[{"taxonomy":"category","embeddable":true,"href":"https:\/\/pourquoi-pas.info\/101010\/index.php?rest_route=%2Fwp%2Fv2%2Fcategories&post=2636"},{"taxonomy":"post_tag","embeddable":true,"href":"https:\/\/pourquoi-pas.info\/101010\/index.php?rest_route=%2Fwp%2Fv2%2Ftags&post=2636"}],"curies":[{"name":"wp","href":"https:\/\/api.w.org\/{rel}","templated":true}]}}