{"id":2681,"date":"2010-08-20T22:03:51","date_gmt":"2010-08-20T22:03:51","guid":{"rendered":"http:\/\/pourquoi-pas.info\/?p=2681"},"modified":"2010-08-20T22:03:51","modified_gmt":"2010-08-20T22:03:51","slug":"pas-de-soucis-je-sais-ou-on-peut-dormir","status":"publish","type":"post","link":"https:\/\/pourquoi-pas.info\/101010\/?p=2681","title":{"rendered":"Pas de soucis, je sais o\u00f9 on peut dormir"},"content":{"rendered":"<p>Pour ce qui est du couchage, je n&#8217;ai pas vraiment d&#8217;inqui\u00e9tude. Je me souviens de plusieurs d\u00e9parts de route et de petits parkings sympas quand j&#8217;\u00e9tais venu la premi\u00e8re fois. On opte pour le parking \u00e0 c\u00f4t\u00e9 du lac Pyramide. Comme \u00e7a, on aura une tr\u00e8s jolie vue en prime au r\u00e9veil. \u00c0 l&#8217;entr\u00e9e, il y a une barri\u00e8re, et un panneau \u00ab aire d&#8217;utilisation diurne seulement \u00bb. On h\u00e9site, et puis on d\u00e9cide de s&#8217;installer quand m\u00eame. Le van est mont\u00e9, tout est install\u00e9. On discute un peu, je monte me coucher. Moteur de voiture qui approche. \u00c7a n&#8217;est pas tr\u00e8s bon signe. \u00c0 moins, peut \u00eatre, que ce soit quelqu&#8217;un qui ait les m\u00eames motivations que nous. J&#8217;ai quand m\u00eame un pressentiment. Je redescends. Girophare. Oups. L\u00e0, \u00e7a s&#8217;annonce moins bien.<\/p>\n<p style=\"font: 12.0px Helvetica; min-height: 14.0px\"><\/p>\n<p style=\"font: 12.0px Helvetica\">Le garde frappe \u00e0 la porte du van. J&#8217;enl\u00e8ve les rideaux, et sors.<\/p>\n<p style=\"font: 12.0px Helvetica; min-height: 14.0px\"><\/p>\n<p style=\"font: 12.0px Helvetica\">&#8211; Vous savez qu&#8217;il est interdit de dormir en dehors des campings dans les parcs nationaux ?<\/p>\n<p style=\"font: 12.0px Helvetica\">&#8211; Ah bon ?<\/p>\n<p style=\"font: 12.0px Helvetica\">&#8211; Oui. Vous devez aller dans un camping. En plus, l\u00e0, je venais fermer la barri\u00e8re. Le camping le plus proche est (&#8230;) .<\/p>\n<p style=\"font: 12.0px Helvetica\">&#8211; D&#8217;accord, d\u00e9sol\u00e9, on savait pas. Donnez nous deux minutes, le temps de replier tout \u00e7a.<\/p>\n<p style=\"font: 12.0px Helvetica\">&#8211; Bien s\u00fbr, pas de probl\u00e8mes.<\/p>\n<p style=\"font: 12.0px Helvetica; min-height: 14.0px\"><\/p>\n<p style=\"font: 12.0px Helvetica\">Le garde est vraiment sympathique. On en reparle un peu plus tard avec Virginie. C&#8217;est l&#8217;une des raisons pour laquelle j&#8217;aime mon Pourquoi Pas ?. Je suis persuad\u00e9 qu&#8217;il attire la sympathie des gens. Un van noir \u00e0 petits pois verts, on ne peut pas vraiment \u00eatre des m\u00e9chants. Juste des jeunes bien cool et fauch\u00e9s. Je me dis que si le garde \u00e9tait tomb\u00e9 sur un VR\/autobus \u00e0 500 000 $, il n&#8217;aurait peut \u00eatre pas eut le m\u00eame comportement. Toujours est il que, note pour plus tard : quand il y a des barri\u00e8res, ils les ferment la nuit, et ils viennent v\u00e9rifier avant de fermer. Tr\u00e8s mauvais endroit o\u00f9 dormir donc. Juste avant de partir, je redemande confirmation au garde. Dans tout les parcs nationaux, le campings est autoris\u00e9 uniquement sur les sites am\u00e9nag\u00e9s. Ok. Il y a sans doute une tol\u00e9rance assez grande pour les vans noirs \u00e0 petits pois verts, vu que jusqu&#8217;\u00e0 pr\u00e9sent, on n&#8217;avait jamais eut de probl\u00e8me.<\/p>\n<p style=\"font: 12.0px Helvetica; min-height: 14.0px\"><\/p>\n<p style=\"font: 12.0px Helvetica; min-height: 14.0px\"><\/p>\n<p style=\"font: 12.0px Helvetica\">En attendant, on doit se trouver un autre endroit o\u00f9 dormir&#8230; ni Virginie ni moi n&#8217;avons envie de payer le camping. Mais si on retombe sur un garde, le m\u00eame ou un autre, \u00e7a pourrait \u00eatre probl\u00e9matique. Je pense \u00e0 une autre alternative : le parking de l&#8217;auberge de jeunesse. On pourra toujours pr\u00e9tendre que l&#8217;on est arriv\u00e9 tard, que l&#8217;accueil \u00e9tait ferm\u00e9, et qu&#8217;on a dormi dans le parking, n&#8217;ayant pas le choix&#8230;<\/p>\n<p style=\"font: 12.0px Helvetica; min-height: 14.0px\"><\/p>\n<p style=\"font: 12.0px Helvetica\">On se dirige donc jusqu&#8217;\u00e0 l&#8217;auberge de jeunesse. La route de nuit nous permet de croiser un cerf aux bois magnifiques, et trois jeunes caribous. Le parking de l&#8217;AJ est un peu en retrait, c&#8217;est relativement discret. Mais pour ne pas attirer trop l&#8217;attention (une fois \u00e7a suffit) on d\u00e9cide de ne pas ouvrir le toit. Ce soir, on dormira tout les deux au rez-de-chauss\u00e9e. C&#8217;est plut\u00f4t \u00e9troit, mais \u00e7a devrait suffire.<\/p>\n<p><\/p>\n","protected":false},"excerpt":{"rendered":"<p>\u00c0 moins que peut \u00eatre que non finalement.<\/p>\n","protected":false},"author":1,"featured_media":0,"comment_status":"open","ping_status":"closed","sticky":false,"template":"","format":"standard","meta":{"footnotes":""},"categories":[3,16],"tags":[],"class_list":["post-2681","post","type-post","status-publish","format-standard","hentry","category-carnet-de-route","category-rocheuses-canadiennes"],"_links":{"self":[{"href":"https:\/\/pourquoi-pas.info\/101010\/index.php?rest_route=\/wp\/v2\/posts\/2681","targetHints":{"allow":["GET"]}}],"collection":[{"href":"https:\/\/pourquoi-pas.info\/101010\/index.php?rest_route=\/wp\/v2\/posts"}],"about":[{"href":"https:\/\/pourquoi-pas.info\/101010\/index.php?rest_route=\/wp\/v2\/types\/post"}],"author":[{"embeddable":true,"href":"https:\/\/pourquoi-pas.info\/101010\/index.php?rest_route=\/wp\/v2\/users\/1"}],"replies":[{"embeddable":true,"href":"https:\/\/pourquoi-pas.info\/101010\/index.php?rest_route=%2Fwp%2Fv2%2Fcomments&post=2681"}],"version-history":[{"count":0,"href":"https:\/\/pourquoi-pas.info\/101010\/index.php?rest_route=\/wp\/v2\/posts\/2681\/revisions"}],"wp:attachment":[{"href":"https:\/\/pourquoi-pas.info\/101010\/index.php?rest_route=%2Fwp%2Fv2%2Fmedia&parent=2681"}],"wp:term":[{"taxonomy":"category","embeddable":true,"href":"https:\/\/pourquoi-pas.info\/101010\/index.php?rest_route=%2Fwp%2Fv2%2Fcategories&post=2681"},{"taxonomy":"post_tag","embeddable":true,"href":"https:\/\/pourquoi-pas.info\/101010\/index.php?rest_route=%2Fwp%2Fv2%2Ftags&post=2681"}],"curies":[{"name":"wp","href":"https:\/\/api.w.org\/{rel}","templated":true}]}}